{"id":14631,"date":"2025-09-18T11:52:18","date_gmt":"2025-09-18T09:52:18","guid":{"rendered":"https:\/\/www.walther-praezision.de\/walther-praezision-als-wegbereiter-fuer-die-muengstener-bruecke-ein-wahrzeichen-deutscher-ingenieurskunst\/"},"modified":"2026-04-09T10:45:26","modified_gmt":"2026-04-09T08:45:26","slug":"a-walther-praezision-como-pioneira-na-construcao-da-ponte-de-muengsten","status":"publish","type":"post","link":"https:\/\/www.walther-praezision.de\/pt-pt\/a-walther-praezision-como-pioneira-na-construcao-da-ponte-de-muengsten\/","title":{"rendered":"A precis\u00e3o da WALTHER pavimentou o caminho para a Ponte M\u00fcngsten \u2013 um marco da engenharia alem\u00e3."},"content":{"rendered":"","protected":false},"excerpt":{"rendered":"","protected":false},"author":9,"featured_media":13245,"comment_status":"closed","ping_status":"closed","sticky":false,"template":"","format":"link","meta":{"_acf_changed":false,"inline_featured_image":false,"footnotes":""},"categories":[36],"tags":[190,206,222,191,207,223,192,208,193,209,194,210,195,211,196,212,197,213,198,214,199,215,200,216,201,217,202,218,187,203,219,188,204,220,189,205,221],"class_list":["post-14631","post","type-post","status-publish","format-link","has-post-thumbnail","hentry","category-sem-categoria","tag-fahrantrieb-pt-pt","tag-port-technology-pt-pt","tag-werkzeugwechsler-pt-pt","tag-fahrzeugbau-pt-pt","tag-railway-pt-pt","tag-wuppertal-pt-pt","tag-fluid-pt-pt","tag-remscheid-pt-pt","tag-hafentechnik-pt-pt","tag-shipbuilding-pt-pt","tag-history-pt-pt","tag-shipyard-pt-pt","tag-industrie-pt-pt","tag-solingen-schnellkupplung-pt-pt","tag-industriearmaturen-pt-pt","tag-strassenbau-pt-pt","tag-industriekultur-pt-pt","tag-transport-pt-pt","tag-infrastructure-pt-pt","tag-triebwagen-pt-pt","tag-ingenieurbaukunst-pt-pt","tag-unesco-welterbe-pt-pt","tag-locomotive-pt-pt","tag-verkehrtstechnik-pt-pt","tag-madeingermany-pt-pt","tag-wagonbau-pt-pt","tag-mettmann-pt-pt","tag-wahrzeichen-pt-pt","tag-automatisierung-pt-pt","tag-monokupplung-pt-pt","tag-walcodo-pt-pt","tag-bahntechnik-pt-pt","tag-multikupplung-pt-pt","tag-waltherpraezision-pt-pt","tag-dockingsystem-pt-pt","tag-muengstener-bruecke-pt-pt","tag-waltherprecision-pt-pt","post_format-post-format-link","entry"],"acf":[],"yoast_head":"<!-- This site is optimized with the Yoast SEO plugin v27.3 - https:\/\/yoast.com\/product\/yoast-seo-wordpress\/ -->\n<title>Pioneiro na inscri\u00e7\u00e3o da Ponte de M\u00fcngsten como Patrim\u00f3nio Mundial<\/title>\n<meta name=\"description\" content=\"Pioneiros na candidatura da Ponte de M\u00fcngsten a Patrim\u00f3nio Mundial. A Ponte de M\u00fcngsten simboliza hist\u00f3ria, inova\u00e7\u00e3o e coes\u00e3o. Estamos orgulhosos por termos apoiado, como pioneiros, a iniciativa para o seu reconhecimento como Patrim\u00f3nio Mundial da UNESCO\" \/>\n<meta name=\"robots\" content=\"index, follow, max-snippet:-1, max-image-preview:large, max-video-preview:-1\" \/>\n<link rel=\"canonical\" href=\"https:\/\/www.walther-praezision.de\/pt-pt\/a-walther-praezision-como-pioneira-na-construcao-da-ponte-de-muengsten\/\" \/>\n<meta property=\"og:locale\" content=\"pt_PT\" \/>\n<meta property=\"og:type\" content=\"article\" \/>\n<meta property=\"og:title\" content=\"Pioneiro na inscri\u00e7\u00e3o da Ponte de M\u00fcngsten como Patrim\u00f3nio Mundial\" \/>\n<meta property=\"og:description\" content=\"Pioneiros na candidatura da Ponte de M\u00fcngsten a Patrim\u00f3nio Mundial. A Ponte de M\u00fcngsten simboliza hist\u00f3ria, inova\u00e7\u00e3o e coes\u00e3o. Estamos orgulhosos por termos apoiado, como pioneiros, a iniciativa para o seu reconhecimento como Patrim\u00f3nio Mundial da UNESCO\" \/>\n<meta property=\"og:url\" content=\"https:\/\/www.walther-praezision.de\/pt-pt\/a-walther-praezision-como-pioneira-na-construcao-da-ponte-de-muengsten\/\" \/>\n<meta property=\"og:site_name\" content=\"Walther-Pr\u00e4zision\" \/>\n<meta property=\"article:publisher\" content=\"https:\/\/www.facebook.com\/WalCoDo\/\" \/>\n<meta property=\"article:published_time\" content=\"2025-09-18T09:52:18+00:00\" \/>\n<meta property=\"article:modified_time\" content=\"2026-04-09T08:45:26+00:00\" \/>\n<meta property=\"og:image\" content=\"https:\/\/www.walther-praezision.de\/wp-content\/uploads\/2025\/09\/Wegbereiterin-Marke-Doppel.jpg\" \/>\n\t<meta property=\"og:image:width\" content=\"2382\" \/>\n\t<meta property=\"og:image:height\" content=\"1191\" \/>\n\t<meta property=\"og:image:type\" content=\"image\/jpeg\" \/>\n<meta name=\"author\" content=\"Eva Goehre\" \/>\n<meta name=\"twitter:card\" content=\"summary_large_image\" \/>\n<meta name=\"twitter:label1\" content=\"Escrito por\" \/>\n\t<meta name=\"twitter:data1\" content=\"Eva Goehre\" \/>\n\t<meta name=\"twitter:label2\" content=\"Tempo estimado de leitura\" \/>\n\t<meta name=\"twitter:data2\" content=\"1 minuto\" \/>\n<script type=\"application\/ld+json\" class=\"yoast-schema-graph\">{\"@context\":\"https:\\\/\\\/schema.org\",\"@graph\":[{\"@type\":\"Article\",\"@id\":\"https:\\\/\\\/www.walther-praezision.de\\\/pt-pt\\\/a-walther-praezision-como-pioneira-na-construcao-da-ponte-de-muengsten\\\/#article\",\"isPartOf\":{\"@id\":\"https:\\\/\\\/www.walther-praezision.de\\\/pt-pt\\\/a-walther-praezision-como-pioneira-na-construcao-da-ponte-de-muengsten\\\/\"},\"author\":{\"name\":\"Eva Goehre\",\"@id\":\"https:\\\/\\\/www.walther-praezision.de\\\/#\\\/schema\\\/person\\\/3df31d4586638822f2079ea10ae61168\"},\"headline\":\"A precis\u00e3o da WALTHER pavimentou o caminho para a Ponte M\u00fcngsten \u2013 um marco da engenharia alem\u00e3.\",\"datePublished\":\"2025-09-18T09:52:18+00:00\",\"dateModified\":\"2026-04-09T08:45:26+00:00\",\"mainEntityOfPage\":{\"@id\":\"https:\\\/\\\/www.walther-praezision.de\\\/pt-pt\\\/a-walther-praezision-como-pioneira-na-construcao-da-ponte-de-muengsten\\\/\"},\"wordCount\":18,\"publisher\":{\"@id\":\"https:\\\/\\\/www.walther-praezision.de\\\/#organization\"},\"image\":{\"@id\":\"https:\\\/\\\/www.walther-praezision.de\\\/pt-pt\\\/a-walther-praezision-como-pioneira-na-construcao-da-ponte-de-muengsten\\\/#primaryimage\"},\"thumbnailUrl\":\"https:\\\/\\\/www.walther-praezision.de\\\/wp-content\\\/uploads\\\/2025\\\/09\\\/Wegbereiterin-Marke-Doppel.jpg\",\"keywords\":[\"Fahrantrieb\",\"Port Technology\",\"Werkzeugwechsler\",\"Fahrzeugbau\",\"Railway\",\"Wuppertal\",\"Fluid\",\"Remscheid\",\"Hafentechnik\",\"Shipbuilding\",\"History\",\"Shipyard\",\"Industrie\",\"Solingen Schnellkupplung\",\"Industriearmaturen\",\"Stra\u00dfenbau\",\"Industriekultur\",\"Transport\",\"Infrastructure\",\"Triebwagen\",\"Ingenieurbaukunst\",\"UNESCO Welterbe\",\"Locomotive\",\"Verkehrtstechnik\",\"MadeinGermany\",\"Wagonbau\",\"Mettmann\",\"Wahrzeichen\",\"Automatisierung\",\"Monokupplung\",\"WalCoDo\",\"Bahntechnik\",\"Multikupplung\",\"WALTHERPR\u00c4ZISION\",\"Dockingsystem\",\"M\u00fcngstener Br\u00fccke\",\"WALTHERPRECISION\"],\"inLanguage\":\"pt-PT\"},{\"@type\":\"WebPage\",\"@id\":\"https:\\\/\\\/www.walther-praezision.de\\\/pt-pt\\\/a-walther-praezision-como-pioneira-na-construcao-da-ponte-de-muengsten\\\/\",\"url\":\"https:\\\/\\\/www.walther-praezision.de\\\/pt-pt\\\/a-walther-praezision-como-pioneira-na-construcao-da-ponte-de-muengsten\\\/\",\"name\":\"Pioneiro na inscri\u00e7\u00e3o da Ponte de M\u00fcngsten como Patrim\u00f3nio Mundial\",\"isPartOf\":{\"@id\":\"https:\\\/\\\/www.walther-praezision.de\\\/#website\"},\"primaryImageOfPage\":{\"@id\":\"https:\\\/\\\/www.walther-praezision.de\\\/pt-pt\\\/a-walther-praezision-como-pioneira-na-construcao-da-ponte-de-muengsten\\\/#primaryimage\"},\"image\":{\"@id\":\"https:\\\/\\\/www.walther-praezision.de\\\/pt-pt\\\/a-walther-praezision-como-pioneira-na-construcao-da-ponte-de-muengsten\\\/#primaryimage\"},\"thumbnailUrl\":\"https:\\\/\\\/www.walther-praezision.de\\\/wp-content\\\/uploads\\\/2025\\\/09\\\/Wegbereiterin-Marke-Doppel.jpg\",\"datePublished\":\"2025-09-18T09:52:18+00:00\",\"dateModified\":\"2026-04-09T08:45:26+00:00\",\"description\":\"Pioneiros na candidatura da Ponte de M\u00fcngsten a Patrim\u00f3nio Mundial. A Ponte de M\u00fcngsten simboliza hist\u00f3ria, inova\u00e7\u00e3o e coes\u00e3o. Estamos orgulhosos por termos apoiado, como pioneiros, a iniciativa para o seu reconhecimento como Patrim\u00f3nio Mundial da UNESCO\",\"breadcrumb\":{\"@id\":\"https:\\\/\\\/www.walther-praezision.de\\\/pt-pt\\\/a-walther-praezision-como-pioneira-na-construcao-da-ponte-de-muengsten\\\/#breadcrumb\"},\"inLanguage\":\"pt-PT\",\"potentialAction\":[{\"@type\":\"ReadAction\",\"target\":[\"https:\\\/\\\/www.walther-praezision.de\\\/pt-pt\\\/a-walther-praezision-como-pioneira-na-construcao-da-ponte-de-muengsten\\\/\"]}]},{\"@type\":\"ImageObject\",\"inLanguage\":\"pt-PT\",\"@id\":\"https:\\\/\\\/www.walther-praezision.de\\\/pt-pt\\\/a-walther-praezision-como-pioneira-na-construcao-da-ponte-de-muengsten\\\/#primaryimage\",\"url\":\"https:\\\/\\\/www.walther-praezision.de\\\/wp-content\\\/uploads\\\/2025\\\/09\\\/Wegbereiterin-Marke-Doppel.jpg\",\"contentUrl\":\"https:\\\/\\\/www.walther-praezision.de\\\/wp-content\\\/uploads\\\/2025\\\/09\\\/Wegbereiterin-Marke-Doppel.jpg\",\"width\":2382,\"height\":1191},{\"@type\":\"BreadcrumbList\",\"@id\":\"https:\\\/\\\/www.walther-praezision.de\\\/pt-pt\\\/a-walther-praezision-como-pioneira-na-construcao-da-ponte-de-muengsten\\\/#breadcrumb\",\"itemListElement\":[{\"@type\":\"ListItem\",\"position\":1,\"name\":\"Startseite\",\"item\":\"https:\\\/\\\/www.walther-praezision.de\\\/pt-pt\\\/\"},{\"@type\":\"ListItem\",\"position\":2,\"name\":\"A precis\u00e3o da WALTHER pavimentou o caminho para a Ponte M\u00fcngsten \u2013 um marco da engenharia alem\u00e3.\"}]},{\"@type\":\"WebSite\",\"@id\":\"https:\\\/\\\/www.walther-praezision.de\\\/#website\",\"url\":\"https:\\\/\\\/www.walther-praezision.de\\\/\",\"name\":\"WALTHER-PR\u00c4ZISION\",\"description\":\"\",\"publisher\":{\"@id\":\"https:\\\/\\\/www.walther-praezision.de\\\/#organization\"},\"potentialAction\":[{\"@type\":\"SearchAction\",\"target\":{\"@type\":\"EntryPoint\",\"urlTemplate\":\"https:\\\/\\\/www.walther-praezision.de\\\/?s={search_term_string}\"},\"query-input\":{\"@type\":\"PropertyValueSpecification\",\"valueRequired\":true,\"valueName\":\"search_term_string\"}}],\"inLanguage\":\"pt-PT\"},{\"@type\":\"Organization\",\"@id\":\"https:\\\/\\\/www.walther-praezision.de\\\/#organization\",\"name\":\"WALTHER-PR\u00c4ZISION\",\"url\":\"https:\\\/\\\/www.walther-praezision.de\\\/\",\"logo\":{\"@type\":\"ImageObject\",\"inLanguage\":\"pt-PT\",\"@id\":\"https:\\\/\\\/www.walther-praezision.de\\\/#\\\/schema\\\/logo\\\/image\\\/\",\"url\":\"https:\\\/\\\/www.walther-praezision.de\\\/wp-content\\\/uploads\\\/2022\\\/09\\\/Site-logo.svg\",\"contentUrl\":\"https:\\\/\\\/www.walther-praezision.de\\\/wp-content\\\/uploads\\\/2022\\\/09\\\/Site-logo.svg\",\"width\":135,\"height\":80,\"caption\":\"WALTHER-PR\u00c4ZISION\"},\"image\":{\"@id\":\"https:\\\/\\\/www.walther-praezision.de\\\/#\\\/schema\\\/logo\\\/image\\\/\"},\"sameAs\":[\"https:\\\/\\\/www.facebook.com\\\/WalCoDo\\\/\",\"https:\\\/\\\/www.linkedin.com\\\/company\\\/waltherpraezision\\\/mycompany\\\/\",\"https:\\\/\\\/www.xing.com\\\/pages\\\/waltherprazision\",\"https:\\\/\\\/www.youtube.com\\\/channel\\\/UC7PHedLQBogCPNDwd4k0Xnw\\\/videos\"]},{\"@type\":\"Person\",\"@id\":\"https:\\\/\\\/www.walther-praezision.de\\\/#\\\/schema\\\/person\\\/3df31d4586638822f2079ea10ae61168\",\"name\":\"Eva Goehre\",\"image\":{\"@type\":\"ImageObject\",\"inLanguage\":\"pt-PT\",\"@id\":\"https:\\\/\\\/secure.gravatar.com\\\/avatar\\\/6b8c76089dc074492ffdf186a42ffbeaee803eb7515fe57dd643bfd658bba3db?s=96&d=mm&r=g\",\"url\":\"https:\\\/\\\/secure.gravatar.com\\\/avatar\\\/6b8c76089dc074492ffdf186a42ffbeaee803eb7515fe57dd643bfd658bba3db?s=96&d=mm&r=g\",\"contentUrl\":\"https:\\\/\\\/secure.gravatar.com\\\/avatar\\\/6b8c76089dc074492ffdf186a42ffbeaee803eb7515fe57dd643bfd658bba3db?s=96&d=mm&r=g\",\"caption\":\"Eva Goehre\"},\"url\":\"https:\\\/\\\/www.walther-praezision.de\\\/pt-pt\\\/author\\\/e-goehre\\\/\"}]}<\/script>\n<!-- \/ Yoast SEO plugin. -->","yoast_head_json":{"title":"Pioneiro na inscri\u00e7\u00e3o da Ponte de M\u00fcngsten como Patrim\u00f3nio Mundial","description":"Pioneiros na candidatura da Ponte de M\u00fcngsten a Patrim\u00f3nio Mundial. A Ponte de M\u00fcngsten simboliza hist\u00f3ria, inova\u00e7\u00e3o e coes\u00e3o. Estamos orgulhosos por termos apoiado, como pioneiros, a iniciativa para o seu reconhecimento como Patrim\u00f3nio Mundial da UNESCO","robots":{"index":"index","follow":"follow","max-snippet":"max-snippet:-1","max-image-preview":"max-image-preview:large","max-video-preview":"max-video-preview:-1"},"canonical":"https:\/\/www.walther-praezision.de\/pt-pt\/a-walther-praezision-como-pioneira-na-construcao-da-ponte-de-muengsten\/","og_locale":"pt_PT","og_type":"article","og_title":"Pioneiro na inscri\u00e7\u00e3o da Ponte de M\u00fcngsten como Patrim\u00f3nio Mundial","og_description":"Pioneiros na candidatura da Ponte de M\u00fcngsten a Patrim\u00f3nio Mundial. A Ponte de M\u00fcngsten simboliza hist\u00f3ria, inova\u00e7\u00e3o e coes\u00e3o. Estamos orgulhosos por termos apoiado, como pioneiros, a iniciativa para o seu reconhecimento como Patrim\u00f3nio Mundial da UNESCO","og_url":"https:\/\/www.walther-praezision.de\/pt-pt\/a-walther-praezision-como-pioneira-na-construcao-da-ponte-de-muengsten\/","og_site_name":"Walther-Pr\u00e4zision","article_publisher":"https:\/\/www.facebook.com\/WalCoDo\/","article_published_time":"2025-09-18T09:52:18+00:00","article_modified_time":"2026-04-09T08:45:26+00:00","og_image":[{"width":2382,"height":1191,"url":"https:\/\/www.walther-praezision.de\/wp-content\/uploads\/2025\/09\/Wegbereiterin-Marke-Doppel.jpg","type":"image\/jpeg"}],"author":"Eva Goehre","twitter_card":"summary_large_image","twitter_misc":{"Escrito por":"Eva Goehre","Tempo estimado de leitura":"1 minuto"},"schema":{"@context":"https:\/\/schema.org","@graph":[{"@type":"Article","@id":"https:\/\/www.walther-praezision.de\/pt-pt\/a-walther-praezision-como-pioneira-na-construcao-da-ponte-de-muengsten\/#article","isPartOf":{"@id":"https:\/\/www.walther-praezision.de\/pt-pt\/a-walther-praezision-como-pioneira-na-construcao-da-ponte-de-muengsten\/"},"author":{"name":"Eva Goehre","@id":"https:\/\/www.walther-praezision.de\/#\/schema\/person\/3df31d4586638822f2079ea10ae61168"},"headline":"A precis\u00e3o da WALTHER pavimentou o caminho para a Ponte M\u00fcngsten \u2013 um marco da engenharia alem\u00e3.","datePublished":"2025-09-18T09:52:18+00:00","dateModified":"2026-04-09T08:45:26+00:00","mainEntityOfPage":{"@id":"https:\/\/www.walther-praezision.de\/pt-pt\/a-walther-praezision-como-pioneira-na-construcao-da-ponte-de-muengsten\/"},"wordCount":18,"publisher":{"@id":"https:\/\/www.walther-praezision.de\/#organization"},"image":{"@id":"https:\/\/www.walther-praezision.de\/pt-pt\/a-walther-praezision-como-pioneira-na-construcao-da-ponte-de-muengsten\/#primaryimage"},"thumbnailUrl":"https:\/\/www.walther-praezision.de\/wp-content\/uploads\/2025\/09\/Wegbereiterin-Marke-Doppel.jpg","keywords":["Fahrantrieb","Port Technology","Werkzeugwechsler","Fahrzeugbau","Railway","Wuppertal","Fluid","Remscheid","Hafentechnik","Shipbuilding","History","Shipyard","Industrie","Solingen Schnellkupplung","Industriearmaturen","Stra\u00dfenbau","Industriekultur","Transport","Infrastructure","Triebwagen","Ingenieurbaukunst","UNESCO Welterbe","Locomotive","Verkehrtstechnik","MadeinGermany","Wagonbau","Mettmann","Wahrzeichen","Automatisierung","Monokupplung","WalCoDo","Bahntechnik","Multikupplung","WALTHERPR\u00c4ZISION","Dockingsystem","M\u00fcngstener Br\u00fccke","WALTHERPRECISION"],"inLanguage":"pt-PT"},{"@type":"WebPage","@id":"https:\/\/www.walther-praezision.de\/pt-pt\/a-walther-praezision-como-pioneira-na-construcao-da-ponte-de-muengsten\/","url":"https:\/\/www.walther-praezision.de\/pt-pt\/a-walther-praezision-como-pioneira-na-construcao-da-ponte-de-muengsten\/","name":"Pioneiro na inscri\u00e7\u00e3o da Ponte de M\u00fcngsten como Patrim\u00f3nio Mundial","isPartOf":{"@id":"https:\/\/www.walther-praezision.de\/#website"},"primaryImageOfPage":{"@id":"https:\/\/www.walther-praezision.de\/pt-pt\/a-walther-praezision-como-pioneira-na-construcao-da-ponte-de-muengsten\/#primaryimage"},"image":{"@id":"https:\/\/www.walther-praezision.de\/pt-pt\/a-walther-praezision-como-pioneira-na-construcao-da-ponte-de-muengsten\/#primaryimage"},"thumbnailUrl":"https:\/\/www.walther-praezision.de\/wp-content\/uploads\/2025\/09\/Wegbereiterin-Marke-Doppel.jpg","datePublished":"2025-09-18T09:52:18+00:00","dateModified":"2026-04-09T08:45:26+00:00","description":"Pioneiros na candidatura da Ponte de M\u00fcngsten a Patrim\u00f3nio Mundial. A Ponte de M\u00fcngsten simboliza hist\u00f3ria, inova\u00e7\u00e3o e coes\u00e3o. Estamos orgulhosos por termos apoiado, como pioneiros, a iniciativa para o seu reconhecimento como Patrim\u00f3nio Mundial da UNESCO","breadcrumb":{"@id":"https:\/\/www.walther-praezision.de\/pt-pt\/a-walther-praezision-como-pioneira-na-construcao-da-ponte-de-muengsten\/#breadcrumb"},"inLanguage":"pt-PT","potentialAction":[{"@type":"ReadAction","target":["https:\/\/www.walther-praezision.de\/pt-pt\/a-walther-praezision-como-pioneira-na-construcao-da-ponte-de-muengsten\/"]}]},{"@type":"ImageObject","inLanguage":"pt-PT","@id":"https:\/\/www.walther-praezision.de\/pt-pt\/a-walther-praezision-como-pioneira-na-construcao-da-ponte-de-muengsten\/#primaryimage","url":"https:\/\/www.walther-praezision.de\/wp-content\/uploads\/2025\/09\/Wegbereiterin-Marke-Doppel.jpg","contentUrl":"https:\/\/www.walther-praezision.de\/wp-content\/uploads\/2025\/09\/Wegbereiterin-Marke-Doppel.jpg","width":2382,"height":1191},{"@type":"BreadcrumbList","@id":"https:\/\/www.walther-praezision.de\/pt-pt\/a-walther-praezision-como-pioneira-na-construcao-da-ponte-de-muengsten\/#breadcrumb","itemListElement":[{"@type":"ListItem","position":1,"name":"Startseite","item":"https:\/\/www.walther-praezision.de\/pt-pt\/"},{"@type":"ListItem","position":2,"name":"A precis\u00e3o da WALTHER pavimentou o caminho para a Ponte M\u00fcngsten \u2013 um marco da engenharia alem\u00e3."}]},{"@type":"WebSite","@id":"https:\/\/www.walther-praezision.de\/#website","url":"https:\/\/www.walther-praezision.de\/","name":"WALTHER-PR\u00c4ZISION","description":"","publisher":{"@id":"https:\/\/www.walther-praezision.de\/#organization"},"potentialAction":[{"@type":"SearchAction","target":{"@type":"EntryPoint","urlTemplate":"https:\/\/www.walther-praezision.de\/?s={search_term_string}"},"query-input":{"@type":"PropertyValueSpecification","valueRequired":true,"valueName":"search_term_string"}}],"inLanguage":"pt-PT"},{"@type":"Organization","@id":"https:\/\/www.walther-praezision.de\/#organization","name":"WALTHER-PR\u00c4ZISION","url":"https:\/\/www.walther-praezision.de\/","logo":{"@type":"ImageObject","inLanguage":"pt-PT","@id":"https:\/\/www.walther-praezision.de\/#\/schema\/logo\/image\/","url":"https:\/\/www.walther-praezision.de\/wp-content\/uploads\/2022\/09\/Site-logo.svg","contentUrl":"https:\/\/www.walther-praezision.de\/wp-content\/uploads\/2022\/09\/Site-logo.svg","width":135,"height":80,"caption":"WALTHER-PR\u00c4ZISION"},"image":{"@id":"https:\/\/www.walther-praezision.de\/#\/schema\/logo\/image\/"},"sameAs":["https:\/\/www.facebook.com\/WalCoDo\/","https:\/\/www.linkedin.com\/company\/waltherpraezision\/mycompany\/","https:\/\/www.xing.com\/pages\/waltherprazision","https:\/\/www.youtube.com\/channel\/UC7PHedLQBogCPNDwd4k0Xnw\/videos"]},{"@type":"Person","@id":"https:\/\/www.walther-praezision.de\/#\/schema\/person\/3df31d4586638822f2079ea10ae61168","name":"Eva Goehre","image":{"@type":"ImageObject","inLanguage":"pt-PT","@id":"https:\/\/secure.gravatar.com\/avatar\/6b8c76089dc074492ffdf186a42ffbeaee803eb7515fe57dd643bfd658bba3db?s=96&d=mm&r=g","url":"https:\/\/secure.gravatar.com\/avatar\/6b8c76089dc074492ffdf186a42ffbeaee803eb7515fe57dd643bfd658bba3db?s=96&d=mm&r=g","contentUrl":"https:\/\/secure.gravatar.com\/avatar\/6b8c76089dc074492ffdf186a42ffbeaee803eb7515fe57dd643bfd658bba3db?s=96&d=mm&r=g","caption":"Eva Goehre"},"url":"https:\/\/www.walther-praezision.de\/pt-pt\/author\/e-goehre\/"}]}},"_links":{"self":[{"href":"https:\/\/www.walther-praezision.de\/pt-pt\/wp-json\/wp\/v2\/posts\/14631","targetHints":{"allow":["GET"]}}],"collection":[{"href":"https:\/\/www.walther-praezision.de\/pt-pt\/wp-json\/wp\/v2\/posts"}],"about":[{"href":"https:\/\/www.walther-praezision.de\/pt-pt\/wp-json\/wp\/v2\/types\/post"}],"author":[{"embeddable":true,"href":"https:\/\/www.walther-praezision.de\/pt-pt\/wp-json\/wp\/v2\/users\/9"}],"replies":[{"embeddable":true,"href":"https:\/\/www.walther-praezision.de\/pt-pt\/wp-json\/wp\/v2\/comments?post=14631"}],"version-history":[{"count":4,"href":"https:\/\/www.walther-praezision.de\/pt-pt\/wp-json\/wp\/v2\/posts\/14631\/revisions"}],"predecessor-version":[{"id":14787,"href":"https:\/\/www.walther-praezision.de\/pt-pt\/wp-json\/wp\/v2\/posts\/14631\/revisions\/14787"}],"wp:featuredmedia":[{"embeddable":true,"href":"https:\/\/www.walther-praezision.de\/pt-pt\/wp-json\/wp\/v2\/media\/13245"}],"wp:attachment":[{"href":"https:\/\/www.walther-praezision.de\/pt-pt\/wp-json\/wp\/v2\/media?parent=14631"}],"wp:term":[{"taxonomy":"category","embeddable":true,"href":"https:\/\/www.walther-praezision.de\/pt-pt\/wp-json\/wp\/v2\/categories?post=14631"},{"taxonomy":"post_tag","embeddable":true,"href":"https:\/\/www.walther-praezision.de\/pt-pt\/wp-json\/wp\/v2\/tags?post=14631"}],"curies":[{"name":"wp","href":"https:\/\/api.w.org\/{rel}","templated":true}]}}