{"id":14627,"date":"2025-02-06T17:23:49","date_gmt":"2025-02-06T16:23:49","guid":{"rendered":"https:\/\/www.walther-praezision.de\/unsere-naechsten-messen\/"},"modified":"2026-04-09T10:41:52","modified_gmt":"2026-04-09T08:41:52","slug":"as-nossas-proximas-feiras","status":"publish","type":"post","link":"https:\/\/www.walther-praezision.de\/pt-pt\/as-nossas-proximas-feiras\/","title":{"rendered":"Visite-nos na nossa pr\u00f3xima feira comercial."},"content":{"rendered":"<p>A WALTHER-PR\u00c4ZISION apresentar\u00e1 as suas mais recentes inova\u00e7\u00f5es em tecnologia de acoplamento nestas feiras, oferecendo aos clientes consultoria detalhada diretamente sobre os produtos relevantes. A aplica\u00e7\u00e3o espec\u00edfica, incluindo par\u00e2metros-chave para acoplamentos individuais, tais como press\u00e3o e temperatura de funcionamento do fluido, caudal, perda de carga admiss\u00edvel, requisitos ambientais e restri\u00e7\u00f5es de espa\u00e7o para instala\u00e7\u00e3o, pode ser determinada diretamente, permitindo a configura\u00e7\u00e3o do sistema de acoplamento r\u00e1pido ideal ainda na feira.<\/p>\n<p>Principais temas das feiras industriais em geral:<\/p>\n<p>Os processos de fabrico controlados por rob\u00f4s, como os utilizados na produ\u00e7\u00e3o de carro\u00e7arias na ind\u00fastria autom\u00f3vel, sofreram altera\u00e7\u00f5es dr\u00e1sticas nos \u00faltimos anos. A produ\u00e7\u00e3o em linha, onde cada rob\u00f4 tinha uma tarefa definida, evoluiu para a produ\u00e7\u00e3o em c\u00e9lulas flex\u00edveis. Um \u00fanico rob\u00f4 executa agora uma grande variedade de tecnologias de uni\u00e3o e tarefas de manuseamento.<\/p>\n<p>Para que isto seja uma realidade, os trocadores de ferramentas WALTHER-PR\u00c4ZISION s\u00e3o a primeira escolha n\u00e3o s\u00f3 para os conceituados fabricantes de autom\u00f3veis: mesmo em ambientes exigentes, como fundi\u00e7\u00f5es, f\u00e1bricas de vidro, olarias, fabricantes de pneus, produtores de bebidas e muitas outras empresas industriais, os sistemas WALTHER-PR\u00c4ZISION s\u00e3o escolhidos para tornar a sua produ\u00e7\u00e3o flex\u00edvel, econ\u00f3mica e eficiente.<\/p>\n<p>Principais aspetos das feiras de hidrog\u00e9nio:<\/p>\n<p>Como l\u00edder em tecnologia de liga\u00e7\u00e3o, a WALTHER-PR\u00c4ZISION oferece um pacote completo com todos os componentes relevantes para o fornecimento de hidrog\u00e9nio de todos os tipos de ve\u00edculos a H2, desde a bomba. O design dos engates de abastecimento \u00e9 testado de acordo com a norma global ISO 17268. Al\u00e9m disso, os engates de abastecimento WALTHER-PR\u00c4ZISION s\u00e3o concebidos para que v\u00e1rios ve\u00edculos possam ser abastecidos em seguran\u00e7a e sem interrup\u00e7\u00f5es, por exemplo, devido \u00e0 forma\u00e7\u00e3o de gelo, um ap\u00f3s o outro, num \u00fanico posto de abastecimento. Para requisitos e aplica\u00e7\u00f5es especiais, a WALTHER-PR\u00c4ZISION oferece solu\u00e7\u00f5es de engate personalizadas e espec\u00edficas para cada empresa. A gama de produtos da WALTHER-PR\u00c4ZISION inclui diversos componentes para o processo de transfer\u00eancia de hidrog\u00e9nio entre a bomba, o dispensador e o ve\u00edculo. Entre eles, est\u00e3o o bocal de abastecimento do ve\u00edculo, um conjunto de mangueira de alta press\u00e3o adequado e o dispositivo de desconex\u00e3o de emerg\u00eancia para a mangueira de abastecimento. A WALTHER-PR\u00c4ZISION tamb\u00e9m oferece uma esta\u00e7\u00e3o de armazenamento compat\u00edvel com o bico, concebida para satisfazer os requisitos do hidrog\u00e9nio criog\u00e9nico.<\/p>\n<p>Esta especialista em sistemas de engate r\u00e1pido tem anos de experi\u00eancia com o exigente fluido do hidrog\u00e9nio e est\u00e1 preparada para desempenhar um papel fundamental na defini\u00e7\u00e3o da tecnologia do hidrog\u00e9nio no futuro.<\/p>\n","protected":false},"excerpt":{"rendered":"<p>Walther l\u00e4dt Sie zu seinen Ausstellungen ein und freut sich darauf, f\u00fcr Sie Ihre Anwendungsaufgaben mit Schnellkupplungsl\u00f6sungen zu realisieren.<\/p>\n","protected":false},"author":2,"featured_media":13670,"comment_status":"closed","ping_status":"closed","sticky":false,"template":"","format":"standard","meta":{"_acf_changed":false,"inline_featured_image":false,"footnotes":""},"categories":[36],"tags":[],"class_list":["post-14627","post","type-post","status-publish","format-standard","has-post-thumbnail","hentry","category-sem-categoria","entry"],"acf":[],"yoast_head":"<!-- This site is optimized with the Yoast SEO plugin v27.3 - https:\/\/yoast.com\/product\/yoast-seo-wordpress\/ -->\n<title>As nossas pr\u00f3ximas feiras - WALTHER-PR\u00c4ZISION<\/title>\n<meta name=\"description\" content=\"Venha visitar-nos numa das nossas pr\u00f3ximas feiras! Aproveite tamb\u00e9m a nossa vasta experi\u00eancia em solu\u00e7\u00f5es para as suas aplica\u00e7\u00f5es!\" \/>\n<meta name=\"robots\" content=\"index, follow, max-snippet:-1, max-image-preview:large, max-video-preview:-1\" \/>\n<link rel=\"canonical\" href=\"https:\/\/www.walther-praezision.de\/pt-pt\/as-nossas-proximas-feiras\/\" \/>\n<meta property=\"og:locale\" content=\"pt_PT\" \/>\n<meta property=\"og:type\" content=\"article\" \/>\n<meta property=\"og:title\" content=\"As nossas pr\u00f3ximas feiras - WALTHER-PR\u00c4ZISION\" \/>\n<meta property=\"og:description\" content=\"Venha visitar-nos numa das nossas pr\u00f3ximas feiras! Aproveite tamb\u00e9m a nossa vasta experi\u00eancia em solu\u00e7\u00f5es para as suas aplica\u00e7\u00f5es!\" \/>\n<meta property=\"og:url\" content=\"https:\/\/www.walther-praezision.de\/pt-pt\/as-nossas-proximas-feiras\/\" \/>\n<meta property=\"og:site_name\" content=\"Walther-Pr\u00e4zision\" \/>\n<meta property=\"article:publisher\" content=\"https:\/\/www.facebook.com\/WalCoDo\/\" \/>\n<meta property=\"article:published_time\" content=\"2025-02-06T16:23:49+00:00\" \/>\n<meta property=\"article:modified_time\" content=\"2026-04-09T08:41:52+00:00\" \/>\n<meta property=\"og:image\" content=\"https:\/\/www.walther-praezision.de\/wp-content\/uploads\/2025\/02\/messenbild_2026-1.jpg\" \/>\n\t<meta property=\"og:image:width\" content=\"1280\" \/>\n\t<meta property=\"og:image:height\" content=\"720\" \/>\n\t<meta property=\"og:image:type\" content=\"image\/jpeg\" \/>\n<meta name=\"author\" content=\"oppermann\" \/>\n<meta name=\"twitter:card\" content=\"summary_large_image\" \/>\n<meta name=\"twitter:label1\" content=\"Escrito por\" \/>\n\t<meta name=\"twitter:data1\" content=\"oppermann\" \/>\n\t<meta name=\"twitter:label2\" content=\"Tempo estimado de leitura\" \/>\n\t<meta name=\"twitter:data2\" content=\"3 minutos\" \/>\n<script type=\"application\/ld+json\" class=\"yoast-schema-graph\">{\"@context\":\"https:\\\/\\\/schema.org\",\"@graph\":[{\"@type\":\"Article\",\"@id\":\"https:\\\/\\\/www.walther-praezision.de\\\/pt-pt\\\/as-nossas-proximas-feiras\\\/#article\",\"isPartOf\":{\"@id\":\"https:\\\/\\\/www.walther-praezision.de\\\/pt-pt\\\/as-nossas-proximas-feiras\\\/\"},\"author\":{\"name\":\"oppermann\",\"@id\":\"https:\\\/\\\/www.walther-praezision.de\\\/#\\\/schema\\\/person\\\/ce8185511eae56f3718d22004b4ac976\"},\"headline\":\"Visite-nos na nossa pr\u00f3xima feira comercial.\",\"datePublished\":\"2025-02-06T16:23:49+00:00\",\"dateModified\":\"2026-04-09T08:41:52+00:00\",\"mainEntityOfPage\":{\"@id\":\"https:\\\/\\\/www.walther-praezision.de\\\/pt-pt\\\/as-nossas-proximas-feiras\\\/\"},\"wordCount\":485,\"publisher\":{\"@id\":\"https:\\\/\\\/www.walther-praezision.de\\\/#organization\"},\"image\":{\"@id\":\"https:\\\/\\\/www.walther-praezision.de\\\/pt-pt\\\/as-nossas-proximas-feiras\\\/#primaryimage\"},\"thumbnailUrl\":\"https:\\\/\\\/www.walther-praezision.de\\\/wp-content\\\/uploads\\\/2025\\\/02\\\/messenbild_2026-1.jpg\",\"inLanguage\":\"pt-PT\"},{\"@type\":\"WebPage\",\"@id\":\"https:\\\/\\\/www.walther-praezision.de\\\/pt-pt\\\/as-nossas-proximas-feiras\\\/\",\"url\":\"https:\\\/\\\/www.walther-praezision.de\\\/pt-pt\\\/as-nossas-proximas-feiras\\\/\",\"name\":\"As nossas pr\u00f3ximas feiras - WALTHER-PR\u00c4ZISION\",\"isPartOf\":{\"@id\":\"https:\\\/\\\/www.walther-praezision.de\\\/#website\"},\"primaryImageOfPage\":{\"@id\":\"https:\\\/\\\/www.walther-praezision.de\\\/pt-pt\\\/as-nossas-proximas-feiras\\\/#primaryimage\"},\"image\":{\"@id\":\"https:\\\/\\\/www.walther-praezision.de\\\/pt-pt\\\/as-nossas-proximas-feiras\\\/#primaryimage\"},\"thumbnailUrl\":\"https:\\\/\\\/www.walther-praezision.de\\\/wp-content\\\/uploads\\\/2025\\\/02\\\/messenbild_2026-1.jpg\",\"datePublished\":\"2025-02-06T16:23:49+00:00\",\"dateModified\":\"2026-04-09T08:41:52+00:00\",\"description\":\"Venha visitar-nos numa das nossas pr\u00f3ximas feiras! Aproveite tamb\u00e9m a nossa vasta experi\u00eancia em solu\u00e7\u00f5es para as suas aplica\u00e7\u00f5es!\",\"breadcrumb\":{\"@id\":\"https:\\\/\\\/www.walther-praezision.de\\\/pt-pt\\\/as-nossas-proximas-feiras\\\/#breadcrumb\"},\"inLanguage\":\"pt-PT\",\"potentialAction\":[{\"@type\":\"ReadAction\",\"target\":[\"https:\\\/\\\/www.walther-praezision.de\\\/pt-pt\\\/as-nossas-proximas-feiras\\\/\"]}]},{\"@type\":\"ImageObject\",\"inLanguage\":\"pt-PT\",\"@id\":\"https:\\\/\\\/www.walther-praezision.de\\\/pt-pt\\\/as-nossas-proximas-feiras\\\/#primaryimage\",\"url\":\"https:\\\/\\\/www.walther-praezision.de\\\/wp-content\\\/uploads\\\/2025\\\/02\\\/messenbild_2026-1.jpg\",\"contentUrl\":\"https:\\\/\\\/www.walther-praezision.de\\\/wp-content\\\/uploads\\\/2025\\\/02\\\/messenbild_2026-1.jpg\",\"width\":1280,\"height\":720,\"caption\":\"2026 - we look forward to meeting you\"},{\"@type\":\"BreadcrumbList\",\"@id\":\"https:\\\/\\\/www.walther-praezision.de\\\/pt-pt\\\/as-nossas-proximas-feiras\\\/#breadcrumb\",\"itemListElement\":[{\"@type\":\"ListItem\",\"position\":1,\"name\":\"Startseite\",\"item\":\"https:\\\/\\\/www.walther-praezision.de\\\/pt-pt\\\/\"},{\"@type\":\"ListItem\",\"position\":2,\"name\":\"Visite-nos na nossa pr\u00f3xima feira comercial.\"}]},{\"@type\":\"WebSite\",\"@id\":\"https:\\\/\\\/www.walther-praezision.de\\\/#website\",\"url\":\"https:\\\/\\\/www.walther-praezision.de\\\/\",\"name\":\"WALTHER-PR\u00c4ZISION\",\"description\":\"\",\"publisher\":{\"@id\":\"https:\\\/\\\/www.walther-praezision.de\\\/#organization\"},\"potentialAction\":[{\"@type\":\"SearchAction\",\"target\":{\"@type\":\"EntryPoint\",\"urlTemplate\":\"https:\\\/\\\/www.walther-praezision.de\\\/?s={search_term_string}\"},\"query-input\":{\"@type\":\"PropertyValueSpecification\",\"valueRequired\":true,\"valueName\":\"search_term_string\"}}],\"inLanguage\":\"pt-PT\"},{\"@type\":\"Organization\",\"@id\":\"https:\\\/\\\/www.walther-praezision.de\\\/#organization\",\"name\":\"WALTHER-PR\u00c4ZISION\",\"url\":\"https:\\\/\\\/www.walther-praezision.de\\\/\",\"logo\":{\"@type\":\"ImageObject\",\"inLanguage\":\"pt-PT\",\"@id\":\"https:\\\/\\\/www.walther-praezision.de\\\/#\\\/schema\\\/logo\\\/image\\\/\",\"url\":\"https:\\\/\\\/www.walther-praezision.de\\\/wp-content\\\/uploads\\\/2022\\\/09\\\/Site-logo.svg\",\"contentUrl\":\"https:\\\/\\\/www.walther-praezision.de\\\/wp-content\\\/uploads\\\/2022\\\/09\\\/Site-logo.svg\",\"width\":135,\"height\":80,\"caption\":\"WALTHER-PR\u00c4ZISION\"},\"image\":{\"@id\":\"https:\\\/\\\/www.walther-praezision.de\\\/#\\\/schema\\\/logo\\\/image\\\/\"},\"sameAs\":[\"https:\\\/\\\/www.facebook.com\\\/WalCoDo\\\/\",\"https:\\\/\\\/www.linkedin.com\\\/company\\\/waltherpraezision\\\/mycompany\\\/\",\"https:\\\/\\\/www.xing.com\\\/pages\\\/waltherprazision\",\"https:\\\/\\\/www.youtube.com\\\/channel\\\/UC7PHedLQBogCPNDwd4k0Xnw\\\/videos\"]},{\"@type\":\"Person\",\"@id\":\"https:\\\/\\\/www.walther-praezision.de\\\/#\\\/schema\\\/person\\\/ce8185511eae56f3718d22004b4ac976\",\"name\":\"oppermann\",\"image\":{\"@type\":\"ImageObject\",\"inLanguage\":\"pt-PT\",\"@id\":\"https:\\\/\\\/secure.gravatar.com\\\/avatar\\\/92b8805e82fcd20ec4d1686fc98391b44930013dcd43fb523aaea3c59a9f2f2e?s=96&d=mm&r=g\",\"url\":\"https:\\\/\\\/secure.gravatar.com\\\/avatar\\\/92b8805e82fcd20ec4d1686fc98391b44930013dcd43fb523aaea3c59a9f2f2e?s=96&d=mm&r=g\",\"contentUrl\":\"https:\\\/\\\/secure.gravatar.com\\\/avatar\\\/92b8805e82fcd20ec4d1686fc98391b44930013dcd43fb523aaea3c59a9f2f2e?s=96&d=mm&r=g\",\"caption\":\"oppermann\"},\"url\":\"https:\\\/\\\/www.walther-praezision.de\\\/pt-pt\\\/author\\\/oppermann\\\/\"}]}<\/script>\n<!-- \/ Yoast SEO plugin. -->","yoast_head_json":{"title":"As nossas pr\u00f3ximas feiras - WALTHER-PR\u00c4ZISION","description":"Venha visitar-nos numa das nossas pr\u00f3ximas feiras! Aproveite tamb\u00e9m a nossa vasta experi\u00eancia em solu\u00e7\u00f5es para as suas aplica\u00e7\u00f5es!","robots":{"index":"index","follow":"follow","max-snippet":"max-snippet:-1","max-image-preview":"max-image-preview:large","max-video-preview":"max-video-preview:-1"},"canonical":"https:\/\/www.walther-praezision.de\/pt-pt\/as-nossas-proximas-feiras\/","og_locale":"pt_PT","og_type":"article","og_title":"As nossas pr\u00f3ximas feiras - WALTHER-PR\u00c4ZISION","og_description":"Venha visitar-nos numa das nossas pr\u00f3ximas feiras! Aproveite tamb\u00e9m a nossa vasta experi\u00eancia em solu\u00e7\u00f5es para as suas aplica\u00e7\u00f5es!","og_url":"https:\/\/www.walther-praezision.de\/pt-pt\/as-nossas-proximas-feiras\/","og_site_name":"Walther-Pr\u00e4zision","article_publisher":"https:\/\/www.facebook.com\/WalCoDo\/","article_published_time":"2025-02-06T16:23:49+00:00","article_modified_time":"2026-04-09T08:41:52+00:00","og_image":[{"width":1280,"height":720,"url":"https:\/\/www.walther-praezision.de\/wp-content\/uploads\/2025\/02\/messenbild_2026-1.jpg","type":"image\/jpeg"}],"author":"oppermann","twitter_card":"summary_large_image","twitter_misc":{"Escrito por":"oppermann","Tempo estimado de leitura":"3 minutos"},"schema":{"@context":"https:\/\/schema.org","@graph":[{"@type":"Article","@id":"https:\/\/www.walther-praezision.de\/pt-pt\/as-nossas-proximas-feiras\/#article","isPartOf":{"@id":"https:\/\/www.walther-praezision.de\/pt-pt\/as-nossas-proximas-feiras\/"},"author":{"name":"oppermann","@id":"https:\/\/www.walther-praezision.de\/#\/schema\/person\/ce8185511eae56f3718d22004b4ac976"},"headline":"Visite-nos na nossa pr\u00f3xima feira comercial.","datePublished":"2025-02-06T16:23:49+00:00","dateModified":"2026-04-09T08:41:52+00:00","mainEntityOfPage":{"@id":"https:\/\/www.walther-praezision.de\/pt-pt\/as-nossas-proximas-feiras\/"},"wordCount":485,"publisher":{"@id":"https:\/\/www.walther-praezision.de\/#organization"},"image":{"@id":"https:\/\/www.walther-praezision.de\/pt-pt\/as-nossas-proximas-feiras\/#primaryimage"},"thumbnailUrl":"https:\/\/www.walther-praezision.de\/wp-content\/uploads\/2025\/02\/messenbild_2026-1.jpg","inLanguage":"pt-PT"},{"@type":"WebPage","@id":"https:\/\/www.walther-praezision.de\/pt-pt\/as-nossas-proximas-feiras\/","url":"https:\/\/www.walther-praezision.de\/pt-pt\/as-nossas-proximas-feiras\/","name":"As nossas pr\u00f3ximas feiras - WALTHER-PR\u00c4ZISION","isPartOf":{"@id":"https:\/\/www.walther-praezision.de\/#website"},"primaryImageOfPage":{"@id":"https:\/\/www.walther-praezision.de\/pt-pt\/as-nossas-proximas-feiras\/#primaryimage"},"image":{"@id":"https:\/\/www.walther-praezision.de\/pt-pt\/as-nossas-proximas-feiras\/#primaryimage"},"thumbnailUrl":"https:\/\/www.walther-praezision.de\/wp-content\/uploads\/2025\/02\/messenbild_2026-1.jpg","datePublished":"2025-02-06T16:23:49+00:00","dateModified":"2026-04-09T08:41:52+00:00","description":"Venha visitar-nos numa das nossas pr\u00f3ximas feiras! Aproveite tamb\u00e9m a nossa vasta experi\u00eancia em solu\u00e7\u00f5es para as suas aplica\u00e7\u00f5es!","breadcrumb":{"@id":"https:\/\/www.walther-praezision.de\/pt-pt\/as-nossas-proximas-feiras\/#breadcrumb"},"inLanguage":"pt-PT","potentialAction":[{"@type":"ReadAction","target":["https:\/\/www.walther-praezision.de\/pt-pt\/as-nossas-proximas-feiras\/"]}]},{"@type":"ImageObject","inLanguage":"pt-PT","@id":"https:\/\/www.walther-praezision.de\/pt-pt\/as-nossas-proximas-feiras\/#primaryimage","url":"https:\/\/www.walther-praezision.de\/wp-content\/uploads\/2025\/02\/messenbild_2026-1.jpg","contentUrl":"https:\/\/www.walther-praezision.de\/wp-content\/uploads\/2025\/02\/messenbild_2026-1.jpg","width":1280,"height":720,"caption":"2026 - we look forward to meeting you"},{"@type":"BreadcrumbList","@id":"https:\/\/www.walther-praezision.de\/pt-pt\/as-nossas-proximas-feiras\/#breadcrumb","itemListElement":[{"@type":"ListItem","position":1,"name":"Startseite","item":"https:\/\/www.walther-praezision.de\/pt-pt\/"},{"@type":"ListItem","position":2,"name":"Visite-nos na nossa pr\u00f3xima feira comercial."}]},{"@type":"WebSite","@id":"https:\/\/www.walther-praezision.de\/#website","url":"https:\/\/www.walther-praezision.de\/","name":"WALTHER-PR\u00c4ZISION","description":"","publisher":{"@id":"https:\/\/www.walther-praezision.de\/#organization"},"potentialAction":[{"@type":"SearchAction","target":{"@type":"EntryPoint","urlTemplate":"https:\/\/www.walther-praezision.de\/?s={search_term_string}"},"query-input":{"@type":"PropertyValueSpecification","valueRequired":true,"valueName":"search_term_string"}}],"inLanguage":"pt-PT"},{"@type":"Organization","@id":"https:\/\/www.walther-praezision.de\/#organization","name":"WALTHER-PR\u00c4ZISION","url":"https:\/\/www.walther-praezision.de\/","logo":{"@type":"ImageObject","inLanguage":"pt-PT","@id":"https:\/\/www.walther-praezision.de\/#\/schema\/logo\/image\/","url":"https:\/\/www.walther-praezision.de\/wp-content\/uploads\/2022\/09\/Site-logo.svg","contentUrl":"https:\/\/www.walther-praezision.de\/wp-content\/uploads\/2022\/09\/Site-logo.svg","width":135,"height":80,"caption":"WALTHER-PR\u00c4ZISION"},"image":{"@id":"https:\/\/www.walther-praezision.de\/#\/schema\/logo\/image\/"},"sameAs":["https:\/\/www.facebook.com\/WalCoDo\/","https:\/\/www.linkedin.com\/company\/waltherpraezision\/mycompany\/","https:\/\/www.xing.com\/pages\/waltherprazision","https:\/\/www.youtube.com\/channel\/UC7PHedLQBogCPNDwd4k0Xnw\/videos"]},{"@type":"Person","@id":"https:\/\/www.walther-praezision.de\/#\/schema\/person\/ce8185511eae56f3718d22004b4ac976","name":"oppermann","image":{"@type":"ImageObject","inLanguage":"pt-PT","@id":"https:\/\/secure.gravatar.com\/avatar\/92b8805e82fcd20ec4d1686fc98391b44930013dcd43fb523aaea3c59a9f2f2e?s=96&d=mm&r=g","url":"https:\/\/secure.gravatar.com\/avatar\/92b8805e82fcd20ec4d1686fc98391b44930013dcd43fb523aaea3c59a9f2f2e?s=96&d=mm&r=g","contentUrl":"https:\/\/secure.gravatar.com\/avatar\/92b8805e82fcd20ec4d1686fc98391b44930013dcd43fb523aaea3c59a9f2f2e?s=96&d=mm&r=g","caption":"oppermann"},"url":"https:\/\/www.walther-praezision.de\/pt-pt\/author\/oppermann\/"}]}},"_links":{"self":[{"href":"https:\/\/www.walther-praezision.de\/pt-pt\/wp-json\/wp\/v2\/posts\/14627","targetHints":{"allow":["GET"]}}],"collection":[{"href":"https:\/\/www.walther-praezision.de\/pt-pt\/wp-json\/wp\/v2\/posts"}],"about":[{"href":"https:\/\/www.walther-praezision.de\/pt-pt\/wp-json\/wp\/v2\/types\/post"}],"author":[{"embeddable":true,"href":"https:\/\/www.walther-praezision.de\/pt-pt\/wp-json\/wp\/v2\/users\/2"}],"replies":[{"embeddable":true,"href":"https:\/\/www.walther-praezision.de\/pt-pt\/wp-json\/wp\/v2\/comments?post=14627"}],"version-history":[{"count":4,"href":"https:\/\/www.walther-praezision.de\/pt-pt\/wp-json\/wp\/v2\/posts\/14627\/revisions"}],"predecessor-version":[{"id":14784,"href":"https:\/\/www.walther-praezision.de\/pt-pt\/wp-json\/wp\/v2\/posts\/14627\/revisions\/14784"}],"wp:featuredmedia":[{"embeddable":true,"href":"https:\/\/www.walther-praezision.de\/pt-pt\/wp-json\/wp\/v2\/media\/13670"}],"wp:attachment":[{"href":"https:\/\/www.walther-praezision.de\/pt-pt\/wp-json\/wp\/v2\/media?parent=14627"}],"wp:term":[{"taxonomy":"category","embeddable":true,"href":"https:\/\/www.walther-praezision.de\/pt-pt\/wp-json\/wp\/v2\/categories?post=14627"},{"taxonomy":"post_tag","embeddable":true,"href":"https:\/\/www.walther-praezision.de\/pt-pt\/wp-json\/wp\/v2\/tags?post=14627"}],"curies":[{"name":"wp","href":"https:\/\/api.w.org\/{rel}","templated":true}]}}